{"id":2631,"date":"2024-10-18T12:36:06","date_gmt":"2024-10-18T10:36:06","guid":{"rendered":"https:\/\/mateagrarcsoport.staging.introweb.hu\/uncategorized\/elindult-a-gyumolcsoltvanyok-felszedese\/"},"modified":"2024-10-18T12:36:06","modified_gmt":"2024-10-18T10:36:06","slug":"elindult-a-gyumolcsoltvanyok-felszedese","status":"publish","type":"post","link":"https:\/\/mateagrarcsoport.hu\/en\/hir-en\/elindult-a-gyumolcsoltvanyok-felszedese\/","title":{"rendered":"Elindult a gy\u00fcm\u00f6lcsoltv\u00e1nyok felszed\u00e9se"},"content":{"rendered":"<p>\u00c9rden, Cegl\u00e9den \u00e9s Sarr\u00f3don gy\u00fcm\u00f6lcsoltv\u00e1nyok \u00e9s bogy\u00f3s pal\u00e1nt\u00e1k el\u0151\u00e1ll\u00edt\u00e1s\u00e1val foglalkozunk. Az idei szezon hamarosan kezdet\u00e9t veszi. A kitermel\u00e9s elkezd\u0151d\u00f6tt. Fajtakatal\u00f3gusunk \u00e9s \u00e1rlist\u00e1nk m\u00e1r el\u00e9rhet\u0151!<\/p>\n<p>Gy\u00fcm\u00f6lcsoltv\u00e1nyaink <strong>szabadgy\u00f6keres, f\u00f6ldlabd\u00e1s<\/strong> \u00e9s <strong>kont\u00e9neres<\/strong> v\u00e1ltozatban is el\u00e9rhet\u0151ek!<\/p>\n<p>Faiskolai \u00e1rud\u00e1ink pontos nyit\u00e1si id\u0151pontj\u00e1r\u00f3l hamarosan h\u00edrt adunk!<\/p>\n","protected":false},"excerpt":{"rendered":"<p>\u00c9rden, Cegl\u00e9den \u00e9s Sarr\u00f3don gy\u00fcm\u00f6lcsoltv\u00e1nyok \u00e9s bogy\u00f3s pal\u00e1nt\u00e1k el\u0151\u00e1ll\u00edt\u00e1s\u00e1val foglalkozunk. [&hellip;]<\/p>\n","protected":false},"author":3,"featured_media":2494,"comment_status":"open","ping_status":"open","sticky":false,"template":"","format":"standard","meta":{"inline_featured_image":false,"footnotes":""},"categories":[29,30],"tags":[],"class_list":["post-2631","post","type-post","status-publish","format-standard","has-post-thumbnail","hentry","category-hir-en","category-kiemelt-en"],"yoast_head":"<!-- This site is optimized with the Yoast SEO Premium plugin v23.2 (Yoast SEO v23.2) - https:\/\/yoast.com\/wordpress\/plugins\/seo\/ -->\n<title>A MATE Agr\u00e1rcsoport h\u00edrei \u00e9s term\u00e9kei<\/title>\n<meta name=\"robots\" content=\"index, follow, max-snippet:-1, max-image-preview:large, max-video-preview:-1\" \/>\n<link rel=\"canonical\" href=\"https:\/\/mateagrarcsoport.hu\/en\/uncategorized\/elindult-a-gyumolcsoltvanyok-felszedese\/\" \/>\n<meta property=\"og:locale\" content=\"en_US\" \/>\n<meta property=\"og:type\" content=\"article\" \/>\n<meta property=\"og:title\" content=\"Elindult a gy\u00fcm\u00f6lcsoltv\u00e1nyok felszed\u00e9se\" \/>\n<meta property=\"og:description\" content=\"\u00c9rden, Cegl\u00e9den \u00e9s Sarr\u00f3don gy\u00fcm\u00f6lcsoltv\u00e1nyok \u00e9s bogy\u00f3s pal\u00e1nt\u00e1k el\u0151\u00e1ll\u00edt\u00e1s\u00e1val foglalkozunk. [&hellip;]\" \/>\n<meta property=\"og:url\" content=\"https:\/\/mateagrarcsoport.hu\/en\/uncategorized\/elindult-a-gyumolcsoltvanyok-felszedese\/\" \/>\n<meta property=\"og:site_name\" content=\"MATE Agr\u00e1rcsoport\" \/>\n<meta property=\"article:published_time\" content=\"2024-10-18T10:36:06+00:00\" \/>\n<meta property=\"og:image\" content=\"https:\/\/mateagrarcsoport.hu\/wp-content\/uploads\/2024\/08\/og-image.jpg\" \/>\n\t<meta property=\"og:image:width\" content=\"1200\" \/>\n\t<meta property=\"og:image:height\" content=\"675\" \/>\n\t<meta property=\"og:image:type\" content=\"image\/jpeg\" \/>\n<meta name=\"author\" content=\"Csomorn\u00e9 D\u00e1vid Anett\" \/>\n<meta name=\"twitter:card\" content=\"summary_large_image\" \/>\n<meta name=\"twitter:label1\" content=\"Written by\" \/>\n\t<meta name=\"twitter:data1\" content=\"Csomorn\u00e9 D\u00e1vid Anett\" \/>\n<script type=\"application\/ld+json\" class=\"yoast-schema-graph\">{\"@context\":\"https:\/\/schema.org\",\"@graph\":[{\"@type\":\"WebPage\",\"@id\":\"https:\/\/mateagrarcsoport.hu\/en\/uncategorized\/elindult-a-gyumolcsoltvanyok-felszedese\/\",\"url\":\"https:\/\/mateagrarcsoport.hu\/en\/uncategorized\/elindult-a-gyumolcsoltvanyok-felszedese\/\",\"name\":\"A MATE Agr\u00e1rcsoport h\u00edrei \u00e9s term\u00e9kei\",\"isPartOf\":{\"@id\":\"https:\/\/mateagrarcsoport.hu\/#website\"},\"primaryImageOfPage\":{\"@id\":\"https:\/\/mateagrarcsoport.hu\/en\/uncategorized\/elindult-a-gyumolcsoltvanyok-felszedese\/#primaryimage\"},\"image\":{\"@id\":\"https:\/\/mateagrarcsoport.hu\/en\/uncategorized\/elindult-a-gyumolcsoltvanyok-felszedese\/#primaryimage\"},\"thumbnailUrl\":\"https:\/\/mateagrarcsoport.hu\/wp-content\/uploads\/2024\/10\/gyumolcsoltvanyok-szeles-valasztekban.png\",\"datePublished\":\"2024-10-18T10:36:06+00:00\",\"dateModified\":\"2024-10-18T10:36:06+00:00\",\"author\":{\"@id\":\"https:\/\/mateagrarcsoport.hu\/#\/schema\/person\/3389886ac37ff9d1eb18beedc7db86ea\"},\"breadcrumb\":{\"@id\":\"https:\/\/mateagrarcsoport.hu\/en\/uncategorized\/elindult-a-gyumolcsoltvanyok-felszedese\/#breadcrumb\"},\"inLanguage\":\"en-US\",\"potentialAction\":[{\"@type\":\"ReadAction\",\"target\":[\"https:\/\/mateagrarcsoport.hu\/en\/uncategorized\/elindult-a-gyumolcsoltvanyok-felszedese\/\"]}]},{\"@type\":\"ImageObject\",\"inLanguage\":\"en-US\",\"@id\":\"https:\/\/mateagrarcsoport.hu\/en\/uncategorized\/elindult-a-gyumolcsoltvanyok-felszedese\/#primaryimage\",\"url\":\"https:\/\/mateagrarcsoport.hu\/wp-content\/uploads\/2024\/10\/gyumolcsoltvanyok-szeles-valasztekban.png\",\"contentUrl\":\"https:\/\/mateagrarcsoport.hu\/wp-content\/uploads\/2024\/10\/gyumolcsoltvanyok-szeles-valasztekban.png\",\"width\":940,\"height\":788},{\"@type\":\"BreadcrumbList\",\"@id\":\"https:\/\/mateagrarcsoport.hu\/en\/uncategorized\/elindult-a-gyumolcsoltvanyok-felszedese\/#breadcrumb\",\"itemListElement\":[{\"@type\":\"ListItem\",\"position\":1,\"name\":\"Home\",\"item\":\"https:\/\/mateagrarcsoport.hu\/en\/\"},{\"@type\":\"ListItem\",\"position\":2,\"name\":\"Elindult a gy\u00fcm\u00f6lcsoltv\u00e1nyok felszed\u00e9se\"}]},{\"@type\":\"WebSite\",\"@id\":\"https:\/\/mateagrarcsoport.hu\/#website\",\"url\":\"https:\/\/mateagrarcsoport.hu\/\",\"name\":\"MATE Agr\u00e1rcsoport\",\"description\":\"\",\"alternateName\":\"MATE Agr\u00e1rcsoport Kft.\",\"potentialAction\":[{\"@type\":\"SearchAction\",\"target\":{\"@type\":\"EntryPoint\",\"urlTemplate\":\"https:\/\/mateagrarcsoport.hu\/?s={search_term_string}\"},\"query-input\":\"required name=search_term_string\"}],\"inLanguage\":\"en-US\"},{\"@type\":\"Person\",\"@id\":\"https:\/\/mateagrarcsoport.hu\/#\/schema\/person\/3389886ac37ff9d1eb18beedc7db86ea\",\"name\":\"Csomorn\u00e9 D\u00e1vid Anett\",\"url\":\"https:\/\/mateagrarcsoport.hu\/en\/author\/david-anett\/\"}]}<\/script>\n<!-- \/ Yoast SEO Premium plugin. -->","yoast_head_json":{"title":"A MATE Agr\u00e1rcsoport h\u00edrei \u00e9s term\u00e9kei","robots":{"index":"index","follow":"follow","max-snippet":"max-snippet:-1","max-image-preview":"max-image-preview:large","max-video-preview":"max-video-preview:-1"},"canonical":"https:\/\/mateagrarcsoport.hu\/en\/uncategorized\/elindult-a-gyumolcsoltvanyok-felszedese\/","og_locale":"en_US","og_type":"article","og_title":"Elindult a gy\u00fcm\u00f6lcsoltv\u00e1nyok felszed\u00e9se","og_description":"\u00c9rden, Cegl\u00e9den \u00e9s Sarr\u00f3don gy\u00fcm\u00f6lcsoltv\u00e1nyok \u00e9s bogy\u00f3s pal\u00e1nt\u00e1k el\u0151\u00e1ll\u00edt\u00e1s\u00e1val foglalkozunk. [&hellip;]","og_url":"https:\/\/mateagrarcsoport.hu\/en\/uncategorized\/elindult-a-gyumolcsoltvanyok-felszedese\/","og_site_name":"MATE Agr\u00e1rcsoport","article_published_time":"2024-10-18T10:36:06+00:00","og_image":[{"width":1200,"height":675,"url":"https:\/\/mateagrarcsoport.hu\/wp-content\/uploads\/2024\/08\/og-image.jpg","type":"image\/jpeg"}],"author":"Csomorn\u00e9 D\u00e1vid Anett","twitter_card":"summary_large_image","twitter_misc":{"Written by":"Csomorn\u00e9 D\u00e1vid Anett"},"schema":{"@context":"https:\/\/schema.org","@graph":[{"@type":"WebPage","@id":"https:\/\/mateagrarcsoport.hu\/en\/uncategorized\/elindult-a-gyumolcsoltvanyok-felszedese\/","url":"https:\/\/mateagrarcsoport.hu\/en\/uncategorized\/elindult-a-gyumolcsoltvanyok-felszedese\/","name":"A MATE Agr\u00e1rcsoport h\u00edrei \u00e9s term\u00e9kei","isPartOf":{"@id":"https:\/\/mateagrarcsoport.hu\/#website"},"primaryImageOfPage":{"@id":"https:\/\/mateagrarcsoport.hu\/en\/uncategorized\/elindult-a-gyumolcsoltvanyok-felszedese\/#primaryimage"},"image":{"@id":"https:\/\/mateagrarcsoport.hu\/en\/uncategorized\/elindult-a-gyumolcsoltvanyok-felszedese\/#primaryimage"},"thumbnailUrl":"https:\/\/mateagrarcsoport.hu\/wp-content\/uploads\/2024\/10\/gyumolcsoltvanyok-szeles-valasztekban.png","datePublished":"2024-10-18T10:36:06+00:00","dateModified":"2024-10-18T10:36:06+00:00","author":{"@id":"https:\/\/mateagrarcsoport.hu\/#\/schema\/person\/3389886ac37ff9d1eb18beedc7db86ea"},"breadcrumb":{"@id":"https:\/\/mateagrarcsoport.hu\/en\/uncategorized\/elindult-a-gyumolcsoltvanyok-felszedese\/#breadcrumb"},"inLanguage":"en-US","potentialAction":[{"@type":"ReadAction","target":["https:\/\/mateagrarcsoport.hu\/en\/uncategorized\/elindult-a-gyumolcsoltvanyok-felszedese\/"]}]},{"@type":"ImageObject","inLanguage":"en-US","@id":"https:\/\/mateagrarcsoport.hu\/en\/uncategorized\/elindult-a-gyumolcsoltvanyok-felszedese\/#primaryimage","url":"https:\/\/mateagrarcsoport.hu\/wp-content\/uploads\/2024\/10\/gyumolcsoltvanyok-szeles-valasztekban.png","contentUrl":"https:\/\/mateagrarcsoport.hu\/wp-content\/uploads\/2024\/10\/gyumolcsoltvanyok-szeles-valasztekban.png","width":940,"height":788},{"@type":"BreadcrumbList","@id":"https:\/\/mateagrarcsoport.hu\/en\/uncategorized\/elindult-a-gyumolcsoltvanyok-felszedese\/#breadcrumb","itemListElement":[{"@type":"ListItem","position":1,"name":"Home","item":"https:\/\/mateagrarcsoport.hu\/en\/"},{"@type":"ListItem","position":2,"name":"Elindult a gy\u00fcm\u00f6lcsoltv\u00e1nyok felszed\u00e9se"}]},{"@type":"WebSite","@id":"https:\/\/mateagrarcsoport.hu\/#website","url":"https:\/\/mateagrarcsoport.hu\/","name":"MATE Agr\u00e1rcsoport","description":"","alternateName":"MATE Agr\u00e1rcsoport Kft.","potentialAction":[{"@type":"SearchAction","target":{"@type":"EntryPoint","urlTemplate":"https:\/\/mateagrarcsoport.hu\/?s={search_term_string}"},"query-input":"required name=search_term_string"}],"inLanguage":"en-US"},{"@type":"Person","@id":"https:\/\/mateagrarcsoport.hu\/#\/schema\/person\/3389886ac37ff9d1eb18beedc7db86ea","name":"Csomorn\u00e9 D\u00e1vid Anett","url":"https:\/\/mateagrarcsoport.hu\/en\/author\/david-anett\/"}]}},"_links":{"self":[{"href":"https:\/\/mateagrarcsoport.hu\/en\/wp-json\/wp\/v2\/posts\/2631","targetHints":{"allow":["GET"]}}],"collection":[{"href":"https:\/\/mateagrarcsoport.hu\/en\/wp-json\/wp\/v2\/posts"}],"about":[{"href":"https:\/\/mateagrarcsoport.hu\/en\/wp-json\/wp\/v2\/types\/post"}],"author":[{"embeddable":true,"href":"https:\/\/mateagrarcsoport.hu\/en\/wp-json\/wp\/v2\/users\/3"}],"replies":[{"embeddable":true,"href":"https:\/\/mateagrarcsoport.hu\/en\/wp-json\/wp\/v2\/comments?post=2631"}],"version-history":[{"count":0,"href":"https:\/\/mateagrarcsoport.hu\/en\/wp-json\/wp\/v2\/posts\/2631\/revisions"}],"wp:featuredmedia":[{"embeddable":true,"href":"https:\/\/mateagrarcsoport.hu\/en\/wp-json\/wp\/v2\/media\/2494"}],"wp:attachment":[{"href":"https:\/\/mateagrarcsoport.hu\/en\/wp-json\/wp\/v2\/media?parent=2631"}],"wp:term":[{"taxonomy":"category","embeddable":true,"href":"https:\/\/mateagrarcsoport.hu\/en\/wp-json\/wp\/v2\/categories?post=2631"},{"taxonomy":"post_tag","embeddable":true,"href":"https:\/\/mateagrarcsoport.hu\/en\/wp-json\/wp\/v2\/tags?post=2631"}],"curies":[{"name":"wp","href":"https:\/\/api.w.org\/{rel}","templated":true}]}}